{"id":361,"date":"2026-04-16T16:09:04","date_gmt":"2026-04-16T14:09:04","guid":{"rendered":"https:\/\/spd-21039.de\/?p=361"},"modified":"2026-04-27T12:02:36","modified_gmt":"2026-04-27T10:02:36","slug":"die-buergermeisterin-informiert","status":"publish","type":"post","link":"https:\/\/spd-21039.de\/?p=361","title":{"rendered":"Die B\u00fcrgermeisterin informiert"},"content":{"rendered":"<p class=\"western\"><em><span style=\"font-family: Verdana, sans-serif; font-size: 14px;\">Liebe B\u00f6rnsenerinnen und liebe B\u00f6rnsener!<\/span><\/em><\/p>\n<p class=\"western\"><span style=\"font-family: Verdana, sans-serif; font-size: 14px;\"><a href=\"https:\/\/spd-21039.de\/wp-content\/uploads\/Katharina-M-klein-229x300-1.jpg\"><img loading=\"lazy\" decoding=\"async\" class=\"alignleft size-full wp-image-61\" src=\"https:\/\/spd-21039.de\/wp-content\/uploads\/Katharina-M-klein-229x300-1.jpg\" alt=\"BM\" width=\"229\" height=\"300\" \/><\/a>Endlich Fr\u00fchling!!<br \/>\n<\/span><span style=\"font-family: Verdana, sans-serif; font-size: 14px;\">Ein f\u00fcr Norddeutschland langer und harter Winter ist vorbei.<br \/>\n<\/span><span style=\"font-family: Verdana, sans-serif; font-size: 14px;\">Viele B\u00fcrgerinnen und B\u00fcrger, vor allem auch die Kinder, haben den endlich mal wieder \u201erichtigen\u201c Winter mit viel Schnee ordentlich genossen!<br \/>\n<\/span><span style=\"font-family: Verdana, sans-serif; font-size: 14px;\">Aber dieser hatte auch eine \u201eSchattenseite\u201c.<br \/>\n<\/span><span style=\"font-family: Verdana, sans-serif; font-size: 14px;\">Unsere Bauhof-Mitarbeiter mussten sehr oft in der Fr\u00fche und nicht selten sogar mehrmals am Tag bis sp\u00e4t in den Abend Stra\u00dfen und Wege r\u00e4umen.<br \/>\n<\/span><span style=\"font-family: Verdana, sans-serif; font-size: 14px;\">Wie gut, dass der Bauhof f\u00fcr den nicht mehr funktionsf\u00e4higen gro\u00dfen Trecker Mitte Dezember den neuen Trecker noch hat in Empfang nehmen k\u00f6nnen, sonst w\u00e4re es mit dem Winterdienst schwierig geworden!<br \/>\n<\/span><span style=\"font-family: Verdana, sans-serif; font-size: 14px;\">Schnee und Eis waren auch Anlass f\u00fcr zahlreiche Eins\u00e4tze der Feuerwehr. <\/span><span style=\"font-family: Verdana, sans-serif; font-size: 14px;\">Grundst\u00fcckseigent\u00fcmer waren durch die ihnen obliegende R\u00e4um- und Streupflicht stark <\/span><span style=\"font-family: Verdana, sans-serif; font-size: 14px;\">gefordert<br \/>\n<\/span><span style=\"font-family: Verdana, sans-serif; font-size: 14px;\">Ganz \u00fcberwiegend wurden die Wege an Privatgrundst\u00fccken auch sehr zuverl\u00e4ssig ger\u00e4umt, damit niemand zu Schaden kommen konnte. Zum Gl\u00fcck gab es nur wenige Einzelf\u00e4lle, in denen der R\u00e4um- und Streupflicht nicht in der gebotenen Weise nachgekommen wurde.<br \/>\n<\/span><span style=\"font-family: Verdana, sans-serif; font-size: 14px;\">Ich darf nochmals auf die Homepage des Amtes Hohe Elbgeest hinweisen, dort finden Sie Informationen zu Rechten und Pflichten von Grundst\u00fcckseigent\u00fcmern.<\/span><\/p>\n<p class=\"western\"><strong><span style=\"font-family: Verdana, sans-serif; font-size: 14px;\">B-Plan 24<br \/>\n<\/span><\/strong><span style=\"font-family: Verdana, sans-serif; font-size: 14px;\">Im vergangenen Jahr konnte die Erschlie\u00dfung des Baugebietes B-Plan 24 abgeschlossen werden. <\/span><span style=\"font-family: Verdana, sans-serif; font-size: 14px;\">Nun sind die zahlreichen an den Grundst\u00fccken Interessierten um Mitteilung gebeten worden, welches Baugrundst\u00fcck sie gern erwerben w\u00fcrden. Nach Fristablauf wird die Verlosung starten k\u00f6nnen, sodass mit dem Beginn des Baus der ersten H\u00e4user in der 2. H\u00e4lfte dieses Jahres gerechnet werden kann.<\/span><!--more--><\/p>\n<p class=\"western\"><strong><span style=\"font-family: Verdana, sans-serif; font-size: 14px;\">Offene Ganztagsschule B\u00f6rnsen<br \/>\n<\/span><\/strong><span style=\"font-family: Verdana, sans-serif; font-size: 14px;\">Ab dem kommenden Schuljahr haben Grundschulkinder stufenweise einen Rechtsanspruch auf einen Ganztagsplatz. Dieser beginnt mit den Erstkl\u00e4sslern und wird mit jedem folgenden <\/span><span style=\"font-family: Verdana, sans-serif; font-size: 14px;\">Schuljahr auf die n\u00e4chste Klassenstufe ausgeweitet.<br \/>\n<\/span><span style=\"font-family: Verdana, sans-serif; font-size: 14px;\">Ab dem Schuljahr 2029\/2030 gilt er dann f\u00fcr alle Klassenstufen in der Grundschule (1-4).<br \/>\n<\/span><span style=\"font-family: Verdana, sans-serif; font-size: 14px;\">Der Anspruch umfasst eine Betreuung an f\u00fcnf Tagen bis mindestens 15 Uhr. Tr\u00e4ger des Ganztagsangebotes an der Dalbek-Schule wird auch k\u00fcnftig der Elternverein \u201eOffene Ganztagsschule B\u00f6rnsen e.V.\u201c sein, der bereits seit 2002 zun\u00e4chst die \u201eBetreute Grundschule\u201c und seit 2006 die \u201eoffene Ganztagsschule\u201c organisiert.<\/span><\/p>\n<p class=\"western\"><strong><span style=\"font-family: Verdana, sans-serif; font-size: 14px;\">Ortsentwicklungskonzept<br \/>\n<\/span><\/strong><span style=\"font-family: Verdana, sans-serif; font-size: 14px;\">Sehr herzlich m\u00f6chte ich mich bei den vielen B\u00f6rnsenerinnen und B\u00f6rnsenern, Kindern und Jugendlichen bedanken f\u00fcr ihre aktive Mitwirkung bei der Erstellung des Ortsentwicklungskonzeptes, z.B. durch die Teilnahme an den Ortsrundg\u00e4ngen, den Workshops, dem \u201ePizzatalk\u201c und die Eintragung vieler Ideen, Anregungen und Hinweise online auf der Dialog- Karte! N\u00e4here Informationen zum Stand des Ortsentwicklungskonzeptes sowie dem Fortgang finden Sie u.a. in der Rundschau.<\/span><\/p>\n<p class=\"western\"><strong><span style=\"font-family: Verdana, sans-serif; font-size: 14px;\">Heimatfest 2026<br \/>\n<\/span><\/strong><span style=\"font-family: Verdana, sans-serif; font-size: 14px;\">Auch in diesem Jahr wird das Heimatfest mit einem bunten Programm am ersten September-Wochenende stattfinden! Organisiert wird es abermals von einem Team aus B\u00fcrgerinnen und B\u00fcrgern aus B\u00f6rnsen. Die Gestaltung des Programms erfolgt wie bisher durch unsere Vereine und Organisationen vor Ort, unter anderem der Feuerwehr, dem VfL B\u00f6rnsen und SV B\u00f6rnsen, der <\/span><span style=\"font-family: Verdana, sans-serif; font-size: 14px;\">AWO und der Kirchengemeinde.<br \/>\n<\/span><span style=\"font-family: Verdana, sans-serif; font-size: 14px;\">Ich darf Sie bereits jetzt schon herzlich dazu einladen!<\/span><\/p>\n<p class=\"western\"><span style=\"font-family: Verdana, sans-serif; font-size: 14px;\">Herzliche Gr\u00fc\u00dfe und alles Gute f\u00fcr Sie<br \/>\n<\/span><span style=\"font-family: Verdana, sans-serif; font-size: 14px;\">Ihre B\u00fcrgermeisterin\u00a0<\/span><em><span style=\"font-family: Verdana, sans-serif; font-size: 14px;\">Katharina M\u00fcnnich<\/span><\/em><\/p>\n","protected":false},"excerpt":{"rendered":"<p>Liebe B\u00f6rnsenerinnen und liebe B\u00f6rnsener! Endlich Fr\u00fchling!! Ein f\u00fcr Norddeutschland langer und harter Winter ist vorbei. Viele B\u00fcrgerinnen und B\u00fcrger, vor allem auch die Kinder, haben den endlich mal wieder \u201erichtigen\u201c Winter mit viel Schnee ordentlich genossen! Aber dieser hatte &hellip; <a href=\"https:\/\/spd-21039.de\/?p=361\">Weiterlesen <span class=\"meta-nav\">&rarr;<\/span><\/a><\/p>\n<a href=\"https:\/\/spd-21039.de\/?p=361\"> weiterlesen...<\/a>","protected":false},"author":4,"featured_media":0,"comment_status":"closed","ping_status":"closed","sticky":false,"template":"","format":"standard","meta":{"footnotes":""},"categories":[6,3],"tags":[],"class_list":["post-361","post","type-post","status-publish","format-standard","hentry","category-gemeinde","category-politik"],"_links":{"self":[{"href":"https:\/\/spd-21039.de\/index.php?rest_route=\/wp\/v2\/posts\/361","targetHints":{"allow":["GET"]}}],"collection":[{"href":"https:\/\/spd-21039.de\/index.php?rest_route=\/wp\/v2\/posts"}],"about":[{"href":"https:\/\/spd-21039.de\/index.php?rest_route=\/wp\/v2\/types\/post"}],"author":[{"embeddable":true,"href":"https:\/\/spd-21039.de\/index.php?rest_route=\/wp\/v2\/users\/4"}],"replies":[{"embeddable":true,"href":"https:\/\/spd-21039.de\/index.php?rest_route=%2Fwp%2Fv2%2Fcomments&post=361"}],"version-history":[{"count":14,"href":"https:\/\/spd-21039.de\/index.php?rest_route=\/wp\/v2\/posts\/361\/revisions"}],"predecessor-version":[{"id":376,"href":"https:\/\/spd-21039.de\/index.php?rest_route=\/wp\/v2\/posts\/361\/revisions\/376"}],"wp:attachment":[{"href":"https:\/\/spd-21039.de\/index.php?rest_route=%2Fwp%2Fv2%2Fmedia&parent=361"}],"wp:term":[{"taxonomy":"category","embeddable":true,"href":"https:\/\/spd-21039.de\/index.php?rest_route=%2Fwp%2Fv2%2Fcategories&post=361"},{"taxonomy":"post_tag","embeddable":true,"href":"https:\/\/spd-21039.de\/index.php?rest_route=%2Fwp%2Fv2%2Ftags&post=361"}],"curies":[{"name":"wp","href":"https:\/\/api.w.org\/{rel}","templated":true}]}}