{"id":284,"date":"2026-04-10T10:31:46","date_gmt":"2026-04-10T08:31:46","guid":{"rendered":"https:\/\/spd-21039.de\/?p=284"},"modified":"2026-04-11T13:25:51","modified_gmt":"2026-04-11T11:25:51","slug":"osternfeuer-2026","status":"publish","type":"post","link":"https:\/\/spd-21039.de\/?p=284","title":{"rendered":"Osterfeuer 2026"},"content":{"rendered":"<p class=\"western\"><span style=\"font-family: Arial, sans-serif; font-size: 14px;\"><a href=\"https:\/\/spd-boernsen.net\/wp-content\/uploads\/Osterfeuer-gokart.jpg\"><img loading=\"lazy\" decoding=\"async\" class=\"alignleft size-medium wp-image-9468\" src=\"https:\/\/spd-boernsen.net\/wp-content\/uploads\/Osterfeuer-gokart-270x146.jpg\" alt=\"Holzanlieferung\" width=\"270\" height=\"146\" \/><\/a><\/span><\/p>\n<p class=\"western\"><span style=\"font-size: 14px;\"><span style=\"font-family: Arial, sans-serif;\">Nach 2 Samstagen mit Anlieferungen von Gartenabschnitten gab es einen gro\u00dfen Berg zum Anz\u00fcnden. <\/span><span style=\"font-family: Arial, sans-serif;\">Selbst die J\u00fcngsten hatten daf\u00fcr gesorgt, dass das SPD-Osterfeuer wieder gro\u00df wird.<br \/>\n<\/span><\/span><\/p>\n<p class=\"western\"><span style=\"font-size: 14px;\"><span style=\"font-family: Arial, sans-serif;\"><a href=\"https:\/\/spd-boernsen.net\/wp-content\/uploads\/IMG_20260404_191553-scaled.jpg\"><img loading=\"lazy\" decoding=\"async\" class=\"size-large wp-image-9466 aligncenter\" src=\"https:\/\/spd-boernsen.net\/wp-content\/uploads\/IMG_20260404_191553-1100x620.jpg\" alt=\"Osterfeuer 2026\" width=\"584\" height=\"329\" \/><\/a><a href=\"https:\/\/spd-21039.de\/wp-content\/uploads\/Osterfeuer-min.jpg\"><img loading=\"lazy\" decoding=\"async\" class=\"alignright size-medium wp-image-358\" src=\"https:\/\/spd-21039.de\/wp-content\/uploads\/Osterfeuer-min-300x257.jpg\" alt=\"Osterfeuer\" width=\"300\" height=\"257\" srcset=\"https:\/\/spd-21039.de\/wp-content\/uploads\/Osterfeuer-min-300x257.jpg 300w, https:\/\/spd-21039.de\/wp-content\/uploads\/Osterfeuer-min-768x658.jpg 768w, https:\/\/spd-21039.de\/wp-content\/uploads\/Osterfeuer-min-350x300.jpg 350w, https:\/\/spd-21039.de\/wp-content\/uploads\/Osterfeuer-min.jpg 1000w\" sizes=\"auto, (max-width: 300px) 100vw, 300px\" \/><\/a>Am Ostersamstag haben wird es entz\u00fcndet. Neben einem prasselnden Feuer gab es verschiedene Getr\u00e4nke und leckeres Essen.<br \/>\nMit unserer traditionellen Veranstaltung in der Gemeinde haben viele die Gelegenheit genutzt sich zu treffen und die so wichtige Geselligkeit zu pflegen, denn diese Feier gibt uns immer Anlass miteinander ins Gespr\u00e4ch zu kommen, zu lachen, zu feiern und mit dem Feuer den Winter auszutreiben.<\/span><\/span><\/p>\n","protected":false},"excerpt":{"rendered":"<p>Nach 2 Samstagen mit Anlieferungen von Gartenabschnitten gab es einen gro\u00dfen Berg zum Anz\u00fcnden. Selbst die J\u00fcngsten hatten daf\u00fcr gesorgt, dass das SPD-Osterfeuer wieder gro\u00df wird. Am Ostersamstag haben wird es entz\u00fcndet. Neben einem prasselnden Feuer gab es verschiedene Getr\u00e4nke &hellip; <a href=\"https:\/\/spd-21039.de\/?p=284\">Weiterlesen <span class=\"meta-nav\">&rarr;<\/span><\/a><\/p>\n<a href=\"https:\/\/spd-21039.de\/?p=284\"> weiterlesen...<\/a>","protected":false},"author":2,"featured_media":0,"comment_status":"closed","ping_status":"closed","sticky":false,"template":"","format":"standard","meta":{"footnotes":""},"categories":[6,12,10],"tags":[],"class_list":["post-284","post","type-post","status-publish","format-standard","hentry","category-gemeinde","category-osterfeuer","category-veranstaltungen"],"_links":{"self":[{"href":"https:\/\/spd-21039.de\/index.php?rest_route=\/wp\/v2\/posts\/284","targetHints":{"allow":["GET"]}}],"collection":[{"href":"https:\/\/spd-21039.de\/index.php?rest_route=\/wp\/v2\/posts"}],"about":[{"href":"https:\/\/spd-21039.de\/index.php?rest_route=\/wp\/v2\/types\/post"}],"author":[{"embeddable":true,"href":"https:\/\/spd-21039.de\/index.php?rest_route=\/wp\/v2\/users\/2"}],"replies":[{"embeddable":true,"href":"https:\/\/spd-21039.de\/index.php?rest_route=%2Fwp%2Fv2%2Fcomments&post=284"}],"version-history":[{"count":11,"href":"https:\/\/spd-21039.de\/index.php?rest_route=\/wp\/v2\/posts\/284\/revisions"}],"predecessor-version":[{"id":289,"href":"https:\/\/spd-21039.de\/index.php?rest_route=\/wp\/v2\/posts\/284\/revisions\/289"}],"wp:attachment":[{"href":"https:\/\/spd-21039.de\/index.php?rest_route=%2Fwp%2Fv2%2Fmedia&parent=284"}],"wp:term":[{"taxonomy":"category","embeddable":true,"href":"https:\/\/spd-21039.de\/index.php?rest_route=%2Fwp%2Fv2%2Fcategories&post=284"},{"taxonomy":"post_tag","embeddable":true,"href":"https:\/\/spd-21039.de\/index.php?rest_route=%2Fwp%2Fv2%2Ftags&post=284"}],"curies":[{"name":"wp","href":"https:\/\/api.w.org\/{rel}","templated":true}]}}